{"id":959,"date":"2015-05-17T11:20:17","date_gmt":"2015-05-17T11:20:17","guid":{"rendered":"http:\/\/mikulcice-valy.cz\/en\/nominace\/"},"modified":"2018-09-21T12:59:25","modified_gmt":"2018-09-21T12:59:25","slug":"nominace","status":"publish","type":"post","link":"https:\/\/mikulcice.arub.cz\/en\/nominace\/","title":{"rendered":"Archeologick\u00e1 z\u00e1kladna v Mikul\u010dic\u00edch nominov\u00e1na na cenu Mies van der Rohe Award 2015"},"content":{"rendered":"","protected":false},"excerpt":{"rendered":"","protected":false},"author":3,"featured_media":0,"comment_status":"open","ping_status":"open","sticky":false,"template":"","format":"standard","meta":{"footnotes":"","_links_to":"","_links_to_target":""},"categories":[1],"tags":[],"class_list":["post-959","post","type-post","status-publish","format-standard","hentry","category-uncategorized"],"_links":{"self":[{"href":"https:\/\/mikulcice.arub.cz\/en\/wp-json\/wp\/v2\/posts\/959","targetHints":{"allow":["GET"]}}],"collection":[{"href":"https:\/\/mikulcice.arub.cz\/en\/wp-json\/wp\/v2\/posts"}],"about":[{"href":"https:\/\/mikulcice.arub.cz\/en\/wp-json\/wp\/v2\/types\/post"}],"author":[{"embeddable":true,"href":"https:\/\/mikulcice.arub.cz\/en\/wp-json\/wp\/v2\/users\/3"}],"replies":[{"embeddable":true,"href":"https:\/\/mikulcice.arub.cz\/en\/wp-json\/wp\/v2\/comments?post=959"}],"version-history":[{"count":1,"href":"https:\/\/mikulcice.arub.cz\/en\/wp-json\/wp\/v2\/posts\/959\/revisions"}],"predecessor-version":[{"id":4883,"href":"https:\/\/mikulcice.arub.cz\/en\/wp-json\/wp\/v2\/posts\/959\/revisions\/4883"}],"wp:attachment":[{"href":"https:\/\/mikulcice.arub.cz\/en\/wp-json\/wp\/v2\/media?parent=959"}],"wp:term":[{"taxonomy":"category","embeddable":true,"href":"https:\/\/mikulcice.arub.cz\/en\/wp-json\/wp\/v2\/categories?post=959"},{"taxonomy":"post_tag","embeddable":true,"href":"https:\/\/mikulcice.arub.cz\/en\/wp-json\/wp\/v2\/tags?post=959"}],"curies":[{"name":"wp","href":"https:\/\/api.w.org\/{rel}","templated":true}]}}